{"id":342,"date":"2025-07-31T14:47:51","date_gmt":"2025-07-31T12:47:51","guid":{"rendered":"https:\/\/amisdesemur.org\/?p=342"},"modified":"2025-07-31T14:55:01","modified_gmt":"2025-07-31T12:55:01","slug":"place-notre-dame","status":"publish","type":"post","link":"https:\/\/amisdesemur.org\/index.php\/2025\/07\/31\/place-notre-dame\/","title":{"rendered":"Place Notre Dame"},"content":{"rendered":"\n<p>En 1843, Viollet-le-Duc constate dans un rapport lors de son \u00e9tude sur la coll\u00e9giale, \u00ab\u00a0que sur la face nord du porche est appliqu\u00e9e une maison qui fait passer les poutres de ses planchers \u00e0 travers le mur jusque dans le porche lui-m\u00eame. Du c\u00f4t\u00e9 du Midy, le long de la nef, sont accol\u00e9es des maisons et des cours humides qui pourrissent les murs de ce c\u00f4t\u00e9, le terrain \u00e9tant plus haut que l&#8217;\u00e9glise. Contre le pignon sud vient buter le b\u00e2timent de l&#8217;H\u00f4tel de Ville dont le jardin enveloppe tout l&#8217;abside et entretien dans cette partie de l&#8217;\u00e9difice une humidit\u00e9 constante. Des latrines sont dispos\u00e9es entre les contreforts, le c\u00f4t\u00e9 Nord est g\u00e2t\u00e9 par des massifs de ma\u00e7onnerie qui viennent remplir tous les espaces vides entre les \u00e9perons.\u00a0\u00bb les travaux de restauration de cet architecte sauveront sans doute la coll\u00e9giale d&#8217;une ruine \u00e0 venir. En 1865, la fabrique est autoris\u00e9e \u00e0 acqu\u00e9rir \u00ab\u00a0des sieurs et dames F\u00e8vre, boucher \u00e0 ce mur pour 8000 francs, une maison adoss\u00e9e \u00e0 la coll\u00e9giale et destin\u00e9 \u00e0 \u00eatre d\u00e9molie pour faciliter le d\u00e9gagement de l&#8217;\u00e9difice \u00a0\u00bb<\/p>\n\n\n<div class=\"wp-block-image\">\n<figure class=\"aligncenter size-full\"><img loading=\"lazy\" decoding=\"async\" width=\"624\" height=\"832\" src=\"https:\/\/amisdesemur.org\/wp-content\/uploads\/2025\/07\/Nesle-Eugene-Notre-Dame-Lithographie-54x35-Dag-1810.jpg\" alt=\"\" class=\"wp-image-343\" srcset=\"https:\/\/amisdesemur.org\/wp-content\/uploads\/2025\/07\/Nesle-Eugene-Notre-Dame-Lithographie-54x35-Dag-1810.jpg 624w, https:\/\/amisdesemur.org\/wp-content\/uploads\/2025\/07\/Nesle-Eugene-Notre-Dame-Lithographie-54x35-Dag-1810-225x300.jpg 225w\" sizes=\"auto, (max-width: 624px) 100vw, 624px\" \/><\/figure><\/div>","protected":false},"excerpt":{"rendered":"<p>En 1843, Viollet-le-Duc constate dans un rapport lors de son \u00e9tude sur la coll\u00e9giale, \u00ab\u00a0que sur la face nord du porche est appliqu\u00e9e une maison qui fait passer les poutres de ses planchers \u00e0 travers le mur jusque dans le<\/p>\n","protected":false},"author":2,"featured_media":0,"comment_status":"closed","ping_status":"open","sticky":false,"template":"","format":"standard","meta":{"ngg_post_thumbnail":0,"footnotes":""},"categories":[3],"tags":[],"class_list":["post-342","post","type-post","status-publish","format-standard","hentry","category-panneaux-information-touristique"],"_links":{"self":[{"href":"https:\/\/amisdesemur.org\/index.php\/wp-json\/wp\/v2\/posts\/342","targetHints":{"allow":["GET"]}}],"collection":[{"href":"https:\/\/amisdesemur.org\/index.php\/wp-json\/wp\/v2\/posts"}],"about":[{"href":"https:\/\/amisdesemur.org\/index.php\/wp-json\/wp\/v2\/types\/post"}],"author":[{"embeddable":true,"href":"https:\/\/amisdesemur.org\/index.php\/wp-json\/wp\/v2\/users\/2"}],"replies":[{"embeddable":true,"href":"https:\/\/amisdesemur.org\/index.php\/wp-json\/wp\/v2\/comments?post=342"}],"version-history":[{"count":1,"href":"https:\/\/amisdesemur.org\/index.php\/wp-json\/wp\/v2\/posts\/342\/revisions"}],"predecessor-version":[{"id":344,"href":"https:\/\/amisdesemur.org\/index.php\/wp-json\/wp\/v2\/posts\/342\/revisions\/344"}],"wp:attachment":[{"href":"https:\/\/amisdesemur.org\/index.php\/wp-json\/wp\/v2\/media?parent=342"}],"wp:term":[{"taxonomy":"category","embeddable":true,"href":"https:\/\/amisdesemur.org\/index.php\/wp-json\/wp\/v2\/categories?post=342"},{"taxonomy":"post_tag","embeddable":true,"href":"https:\/\/amisdesemur.org\/index.php\/wp-json\/wp\/v2\/tags?post=342"}],"curies":[{"name":"wp","href":"https:\/\/api.w.org\/{rel}","templated":true}]}}