{"id":356,"date":"2025-08-28T16:04:36","date_gmt":"2025-08-28T14:04:36","guid":{"rendered":"https:\/\/amisdesemur.org\/?p=356"},"modified":"2025-08-28T16:04:36","modified_gmt":"2025-08-28T14:04:36","slug":"ancien-prieure-saint-jean-levangeliste","status":"publish","type":"post","link":"https:\/\/amisdesemur.org\/index.php\/2025\/08\/28\/ancien-prieure-saint-jean-levangeliste\/","title":{"rendered":"Ancien prieur\u00e9 Saint-Jean l&#8217;Evang\u00e9liste"},"content":{"rendered":"\n<p>L\u2019\u00e9glise reconstruite apr\u00e8s le transfert de la paroisse \u00e0 Notre-Dame en 1180 \u00e9tait situ\u00e9e sur l\u2019emplacement actuel de l\u2019all\u00e9e de tilleuls\u00a0; elle mesurait environ 35 m\u00e8tres de long sur 14 m\u00e8tres de large et \u00e9tait surmont\u00e9e d\u2019une \u00ab tour clocher \u00bb rehauss\u00e9e d\u2019une fl\u00e8che.La chapelle actuelle date de 1927.<\/p>\n","protected":false},"excerpt":{"rendered":"<p>L\u2019\u00e9glise reconstruite apr\u00e8s le transfert de la paroisse \u00e0 Notre-Dame en 1180 \u00e9tait situ\u00e9e sur l\u2019emplacement actuel de l\u2019all\u00e9e de tilleuls\u00a0; elle mesurait environ 35 m\u00e8tres de long sur 14 m\u00e8tres de large et \u00e9tait surmont\u00e9e d\u2019une \u00ab tour clocher<\/p>\n","protected":false},"author":6,"featured_media":0,"comment_status":"closed","ping_status":"open","sticky":false,"template":"","format":"standard","meta":{"ngg_post_thumbnail":0,"footnotes":""},"categories":[3],"tags":[],"class_list":["post-356","post","type-post","status-publish","format-standard","hentry","category-panneaux-information-touristique"],"_links":{"self":[{"href":"https:\/\/amisdesemur.org\/index.php\/wp-json\/wp\/v2\/posts\/356","targetHints":{"allow":["GET"]}}],"collection":[{"href":"https:\/\/amisdesemur.org\/index.php\/wp-json\/wp\/v2\/posts"}],"about":[{"href":"https:\/\/amisdesemur.org\/index.php\/wp-json\/wp\/v2\/types\/post"}],"author":[{"embeddable":true,"href":"https:\/\/amisdesemur.org\/index.php\/wp-json\/wp\/v2\/users\/6"}],"replies":[{"embeddable":true,"href":"https:\/\/amisdesemur.org\/index.php\/wp-json\/wp\/v2\/comments?post=356"}],"version-history":[{"count":1,"href":"https:\/\/amisdesemur.org\/index.php\/wp-json\/wp\/v2\/posts\/356\/revisions"}],"predecessor-version":[{"id":357,"href":"https:\/\/amisdesemur.org\/index.php\/wp-json\/wp\/v2\/posts\/356\/revisions\/357"}],"wp:attachment":[{"href":"https:\/\/amisdesemur.org\/index.php\/wp-json\/wp\/v2\/media?parent=356"}],"wp:term":[{"taxonomy":"category","embeddable":true,"href":"https:\/\/amisdesemur.org\/index.php\/wp-json\/wp\/v2\/categories?post=356"},{"taxonomy":"post_tag","embeddable":true,"href":"https:\/\/amisdesemur.org\/index.php\/wp-json\/wp\/v2\/tags?post=356"}],"curies":[{"name":"wp","href":"https:\/\/api.w.org\/{rel}","templated":true}]}}