{"id":368,"date":"2025-08-28T16:20:28","date_gmt":"2025-08-28T14:20:28","guid":{"rendered":"https:\/\/amisdesemur.org\/?p=368"},"modified":"2025-08-28T16:20:28","modified_gmt":"2025-08-28T14:20:28","slug":"lavoir-19e-siecle","status":"publish","type":"post","link":"https:\/\/amisdesemur.org\/index.php\/2025\/08\/28\/lavoir-19e-siecle\/","title":{"rendered":"Lavoir 19e si\u00e8cle"},"content":{"rendered":"\n<p>Au 19e si\u00e8cle, la prise de conscience de l\u2019importance de l\u2019hygi\u00e8ne pour limiter les maladies devient un enjeu de sant\u00e9 publique. Cela se traduit notamment par la construction et l\u2019entretien des lavoirs. Aussi, en 1838, le conseil municipal d\u00e9cide la construction d\u2019un lavoir qui sera aliment\u00e9 par le ru Baudon. Il est dessin\u00e9 par l\u2019architecte Maurice Vivant Flamand et sa construction est confi\u00e9e \u00e0 l\u2019entrepreneur Fran\u00e7ois Guyon. La r\u00e9ception d\u00e9finitive des travaux a lieu en f\u00e9vrier 1843. Les quatre baies en plein cintre offrent une belle luminosit\u00e9 et le vaste bassin permet d\u2019accueillir plusieurs lavandi\u00e8res \u00e0 qui des toilettes \u00e9taient m\u00eame destin\u00e9es \u00e0 l\u2019arri\u00e8re du b\u00e2timent.<\/p>\n","protected":false},"excerpt":{"rendered":"<p>Au 19e si\u00e8cle, la prise de conscience de l\u2019importance de l\u2019hygi\u00e8ne pour limiter les maladies devient un enjeu de sant\u00e9 publique. Cela se traduit notamment par la construction et l\u2019entretien des lavoirs. Aussi, en 1838, le conseil municipal d\u00e9cide la<\/p>\n","protected":false},"author":6,"featured_media":0,"comment_status":"closed","ping_status":"open","sticky":false,"template":"","format":"standard","meta":{"ngg_post_thumbnail":0,"footnotes":""},"categories":[3],"tags":[],"class_list":["post-368","post","type-post","status-publish","format-standard","hentry","category-panneaux-information-touristique"],"_links":{"self":[{"href":"https:\/\/amisdesemur.org\/index.php\/wp-json\/wp\/v2\/posts\/368","targetHints":{"allow":["GET"]}}],"collection":[{"href":"https:\/\/amisdesemur.org\/index.php\/wp-json\/wp\/v2\/posts"}],"about":[{"href":"https:\/\/amisdesemur.org\/index.php\/wp-json\/wp\/v2\/types\/post"}],"author":[{"embeddable":true,"href":"https:\/\/amisdesemur.org\/index.php\/wp-json\/wp\/v2\/users\/6"}],"replies":[{"embeddable":true,"href":"https:\/\/amisdesemur.org\/index.php\/wp-json\/wp\/v2\/comments?post=368"}],"version-history":[{"count":1,"href":"https:\/\/amisdesemur.org\/index.php\/wp-json\/wp\/v2\/posts\/368\/revisions"}],"predecessor-version":[{"id":369,"href":"https:\/\/amisdesemur.org\/index.php\/wp-json\/wp\/v2\/posts\/368\/revisions\/369"}],"wp:attachment":[{"href":"https:\/\/amisdesemur.org\/index.php\/wp-json\/wp\/v2\/media?parent=368"}],"wp:term":[{"taxonomy":"category","embeddable":true,"href":"https:\/\/amisdesemur.org\/index.php\/wp-json\/wp\/v2\/categories?post=368"},{"taxonomy":"post_tag","embeddable":true,"href":"https:\/\/amisdesemur.org\/index.php\/wp-json\/wp\/v2\/tags?post=368"}],"curies":[{"name":"wp","href":"https:\/\/api.w.org\/{rel}","templated":true}]}}