{"id":370,"date":"2025-08-28T16:23:38","date_gmt":"2025-08-28T14:23:38","guid":{"rendered":"https:\/\/amisdesemur.org\/?p=370"},"modified":"2025-11-19T19:44:28","modified_gmt":"2025-11-19T18:44:28","slug":"porte-sauvigny-et-porte-guillier","status":"publish","type":"post","link":"https:\/\/amisdesemur.org\/index.php\/2025\/08\/28\/porte-sauvigny-et-porte-guillier\/","title":{"rendered":"Porte Sauvigny et Porte Guillier"},"content":{"rendered":"\n<p>Ces deux portes ont probablement re\u00e7u les noms de notables semurois&nbsp;: Jean de Sauvigny, receveur g\u00e9n\u00e9ral de la duchesse de Bourgogne et Guy Guilli\u00e8re, juriste.<\/p>\n\n\n\n<p>\u00ab&nbsp;D\u00e8s 1411, un compte \u00e9voque \u00ab&nbsp;la porte maistre Guy Guilliere&nbsp;\u00bb\u2026&nbsp; Attest\u00e9 de&nbsp;1382 \u00e0&nbsp;1412, ma\u00eetre Guy Guilli\u00e8re \u00e9tait un important notable de la ville&nbsp;: issu d\u2019une famille anciennement implant\u00e9e \u00e0 Semur, c\u2019\u00e9tait un juriste&nbsp;\u2013&nbsp;il \u00e9tait licenci\u00e9 en droit civil&nbsp;\u2013, bien int\u00e9gr\u00e9 \u00e0 la soci\u00e9t\u00e9 politique du duch\u00e9&nbsp;(il fit partie d\u2019une ambassade envoy\u00e9e par les villes vers les autorit\u00e9s ducales)&nbsp;et tr\u00e8s riche&nbsp;(il pr\u00eata plusieurs fois de fortes sommes d\u2019argent \u00e0 l\u2019\u00c9tat ducal). Quel lien entretenait-il avec la principale porte de la ville, comment expliquer que son nom f\u00fbt attach\u00e9 \u00e0 celle-ci&nbsp;? La r\u00e9ponse \u00e0 la question est incertaine&nbsp;: il en \u00e9tait peut-\u00eatre le portier, fonction honorifique pris\u00e9e par les grands bourgeois et susceptible de conf\u00e9rer d\u2019appr\u00e9ciables privil\u00e8ges, comme l\u2019exemption d\u2019imp\u00f4ts urbains&nbsp;; il pouvait aussi y r\u00e9sider, comme le sugg\u00e8re un r\u00f4le de fouage de 1403 qui montre que \u00ab&nbsp;maistre Guy Guilli\u00e8re&nbsp;\u00bb habitait au Bourg et plus pr\u00e9cis\u00e9ment \u00e0 une extr\u00e9mit\u00e9 de ce quartier.\u00bb&nbsp;<\/p>\n\n\n\n<p>Cf&nbsp;<a href=\"https:\/\/shs.cairn.info\/publications-de-matthieu-leguil--138122?lang=fr\">Matthieu Leguil<\/a>,&nbsp;&nbsp;Maisons, hostels, meix. Les r\u00e9sidences des \u00e9lites locales en Auxois (duch\u00e9 de Bourgogne) \u00e0 la fin du Moyen \u00c2ge, in Revue historique, 2015\/3 n\u00b0 675, p.636.<\/p>\n\n\n\n<p>Guillier Gate: Built in 1328, this gate, due to its height, dominates the Semur landscape. Its facade offers a fine example of twin and trefoil openings, of which only a few examples remain in the city. Porte Sauvigny: Built in 1444 to reinforce the defense of the Porte Guillier, it has on its facade the grooves in which the arms of the drawbridge were embedded. Next to it, the trace of the location of the pedestrian bridge remains. This gate was protected by a ditch.<\/p>\n\n\n\n<p>Ill Andr\u00e9 Maire Pinon fig. 40 (tir\u00e9e de <em>l\u2019Illustration)<\/em><\/p>\n\n\n\n<p>\u00a0QR code.<\/p>\n\n\n\n<p><em>Under the arch between the two doors we can read this sentence \u201cThe Semurois take great delight in the acquaintances of foreigners\u201d Its author is Fran\u00e7ois de Belleforest, a 16th century writer who intended to publish \u201cThe Universal Cosmography of Everyone\u201d . It seems that, when he came to Semur, he received an excellent welcome from the then mayor Philibert Espiard. <\/em><em>&nbsp;<\/em><em>It&#8217;s a bit like the motto of the city&#8217;s inhabitants: welcome everyone!<\/em><em> <\/em><em>We also find under a capital of the vault a nicely naughty sculpture (or with very notable attributes)<\/em><em><\/em><\/p>\n\n\n\n<p>\u200b<\/p>\n","protected":false},"excerpt":{"rendered":"<p>Ces deux portes ont probablement re\u00e7u les noms de notables semurois&nbsp;: Jean de Sauvigny, receveur g\u00e9n\u00e9ral de la duchesse de Bourgogne et Guy Guilli\u00e8re, juriste. \u00ab&nbsp;D\u00e8s 1411, un compte \u00e9voque \u00ab&nbsp;la porte maistre Guy Guilliere&nbsp;\u00bb\u2026&nbsp; Attest\u00e9 de&nbsp;1382 \u00e0&nbsp;1412, ma\u00eetre Guy<\/p>\n","protected":false},"author":6,"featured_media":0,"comment_status":"closed","ping_status":"open","sticky":false,"template":"","format":"standard","meta":{"ngg_post_thumbnail":0,"footnotes":""},"categories":[3],"tags":[],"class_list":["post-370","post","type-post","status-publish","format-standard","hentry","category-panneaux-information-touristique"],"_links":{"self":[{"href":"https:\/\/amisdesemur.org\/index.php\/wp-json\/wp\/v2\/posts\/370","targetHints":{"allow":["GET"]}}],"collection":[{"href":"https:\/\/amisdesemur.org\/index.php\/wp-json\/wp\/v2\/posts"}],"about":[{"href":"https:\/\/amisdesemur.org\/index.php\/wp-json\/wp\/v2\/types\/post"}],"author":[{"embeddable":true,"href":"https:\/\/amisdesemur.org\/index.php\/wp-json\/wp\/v2\/users\/6"}],"replies":[{"embeddable":true,"href":"https:\/\/amisdesemur.org\/index.php\/wp-json\/wp\/v2\/comments?post=370"}],"version-history":[{"count":3,"href":"https:\/\/amisdesemur.org\/index.php\/wp-json\/wp\/v2\/posts\/370\/revisions"}],"predecessor-version":[{"id":388,"href":"https:\/\/amisdesemur.org\/index.php\/wp-json\/wp\/v2\/posts\/370\/revisions\/388"}],"wp:attachment":[{"href":"https:\/\/amisdesemur.org\/index.php\/wp-json\/wp\/v2\/media?parent=370"}],"wp:term":[{"taxonomy":"category","embeddable":true,"href":"https:\/\/amisdesemur.org\/index.php\/wp-json\/wp\/v2\/categories?post=370"},{"taxonomy":"post_tag","embeddable":true,"href":"https:\/\/amisdesemur.org\/index.php\/wp-json\/wp\/v2\/tags?post=370"}],"curies":[{"name":"wp","href":"https:\/\/api.w.org\/{rel}","templated":true}]}}